{"id":1051,"date":"2020-03-10T08:41:40","date_gmt":"2020-03-10T08:41:40","guid":{"rendered":"http:\/\/localhost\/OlivadeMallorca\/es\/oliva-de-mallorca-tanca-la-campanya-amb-la-festa-de-loliva\/"},"modified":"2024-10-18T09:50:52","modified_gmt":"2024-10-18T09:50:52","slug":"oliva-de-mallorca-tanca-la-campanya-amb-la-festa-de-loliva","status":"publish","type":"post","link":"https:\/\/olivademallorca.es\/es\/oliva-de-mallorca-tanca-la-campanya-amb-la-festa-de-loliva\/","title":{"rendered":"Oliva de Mallorca cierra la campa\u00f1a con la Festa de l&#8217;Oliva"},"content":{"rendered":"\n<p>La DOP Oliva de Mallorca celebr\u00f3 en Raixa el final de la campa\u00f1a de recolecci\u00f3n la aceituna de mesa con una fiesta el marco de la que entreg\u00f3 la insignia del consejo regulador a la familia Dey\u00e0 y homenaje\u00f3 a Francisca Colom, madona de Repic.<\/p>\n\n\n\n<figure class=\"wp-block-gallery has-nested-images columns-default is-cropped wp-block-gallery-1 is-layout-flex wp-block-gallery-is-layout-flex\">\n<figure class=\"wp-block-image size-large\"><img loading=\"lazy\" decoding=\"async\" width=\"1024\" height=\"806\" data-id=\"1058\" src=\"https:\/\/olivademallorca.com\/wp-content\/uploads\/2020\/03\/Festa-de-lOliva-2020-1-1024x806.jpg\" alt=\"\" class=\"wp-image-1058\" srcset=\"https:\/\/olivademallorca.es\/wp-content\/uploads\/2020\/03\/Festa-de-lOliva-2020-1-1024x806.jpg 1024w, https:\/\/olivademallorca.es\/wp-content\/uploads\/2020\/03\/Festa-de-lOliva-2020-1-1536x1210.jpg 1536w, https:\/\/olivademallorca.es\/wp-content\/uploads\/2020\/03\/Festa-de-lOliva-2020-1-300x236.jpg 300w, https:\/\/olivademallorca.es\/wp-content\/uploads\/2020\/03\/Festa-de-lOliva-2020-1-768x605.jpg 768w, https:\/\/olivademallorca.es\/wp-content\/uploads\/2020\/03\/Festa-de-lOliva-2020-1.jpg 1920w\" sizes=\"(max-width: 1024px) 100vw, 1024px\" \/><\/figure>\n\n\n\n<figure class=\"wp-block-image size-large\"><img loading=\"lazy\" decoding=\"async\" width=\"1024\" height=\"836\" data-id=\"1040\" src=\"https:\/\/olivademallorca.com\/wp-content\/uploads\/2020\/03\/Festa-de-lOliva-2020-3-1024x836.jpg\" alt=\"\" class=\"wp-image-1040\" srcset=\"https:\/\/olivademallorca.es\/wp-content\/uploads\/2020\/03\/Festa-de-lOliva-2020-3-1024x836.jpg 1024w, https:\/\/olivademallorca.es\/wp-content\/uploads\/2020\/03\/Festa-de-lOliva-2020-3-1536x1254.jpg 1536w, https:\/\/olivademallorca.es\/wp-content\/uploads\/2020\/03\/Festa-de-lOliva-2020-3-300x245.jpg 300w, https:\/\/olivademallorca.es\/wp-content\/uploads\/2020\/03\/Festa-de-lOliva-2020-3-768x627.jpg 768w, https:\/\/olivademallorca.es\/wp-content\/uploads\/2020\/03\/Festa-de-lOliva-2020-3.jpg 1852w\" sizes=\"(max-width: 1024px) 100vw, 1024px\" \/><\/figure>\n\n\n\n<figure class=\"wp-block-image size-large\"><img loading=\"lazy\" decoding=\"async\" width=\"1024\" height=\"768\" data-id=\"1034\" src=\"https:\/\/olivademallorca.com\/wp-content\/uploads\/2020\/03\/Festa-de-lOliva-2020-2-1024x768.jpg\" alt=\"\" class=\"wp-image-1034\" srcset=\"https:\/\/olivademallorca.es\/wp-content\/uploads\/2020\/03\/Festa-de-lOliva-2020-2-1024x768.jpg 1024w, https:\/\/olivademallorca.es\/wp-content\/uploads\/2020\/03\/Festa-de-lOliva-2020-2-1536x1152.jpg 1536w, https:\/\/olivademallorca.es\/wp-content\/uploads\/2020\/03\/Festa-de-lOliva-2020-2-300x225.jpg 300w, https:\/\/olivademallorca.es\/wp-content\/uploads\/2020\/03\/Festa-de-lOliva-2020-2-768x576.jpg 768w, https:\/\/olivademallorca.es\/wp-content\/uploads\/2020\/03\/Festa-de-lOliva-2020-2.jpg 2016w\" sizes=\"(max-width: 1024px) 100vw, 1024px\" \/><\/figure>\n<\/figure>\n\n\n\n<p>Durante el acto, al que asistieron la vicepresidenta segunda del Consell de Mallorca, Aurora Ribot; la directora general de Pol\u00edtiques per la Sobirania Aliment\u00e0ria, Paula Valero y el conseller de Hisenda i Funci\u00f3 P\u00fablica, Pep Lluis Colom, el presidente de la DOP Oliva de Mallorca, Miquel Arbona destac\u00f3 \u201cla gran labor que hacen todos y cada uno de los cerca de noventa productores inscritos en el consejo regulador para que la aceituna mallorquina llegue a las mesas y por preserva nuestros olivos milenarios, un patrimonio de valor incalculable\u00bb<\/p>\n\n\n\n<p>Con el fin de reconocer el compromiso y dedicaci\u00f3n de aquellas personas y familias que luchan d\u00eda a d\u00eda, campa\u00f1a tras campa\u00f1a manteniendo en producci\u00f3n los olivares antiguos, le fue entregada la insignia de Oliva de Mallorca a la familia Dey\u00e0 de Can Det, as\u00ed como tambi\u00e9n se rindi\u00f3 homenaje a Francisca Colom, madona de Repic, por toda una vida dedicada al mundo de la aceituna.<\/p>\n\n\n\n<p>Tal como se acostumbraba en las <em>possessions<\/em> olivareras de la Serra, la celebraci\u00f3n consisti\u00f3 en una <em>bunyolada<\/em>, m\u00fasica y baile a cargo de Estol de Tramuntana.<\/p>\n","protected":false},"excerpt":{"rendered":"<p>La DOP Oliva de Mallorca celebr\u00f3 en Raixa el final de la campa\u00f1a de recolecci\u00f3n la aceituna de mesa con una fiesta el marco de la que entreg\u00f3 la insignia del consejo regulador a la familia Dey\u00e0 y homenaje\u00f3 a Francisca Colom, madona de Repic. Durante el acto, al que asistieron la vicepresidenta segunda del [&hellip;]<\/p>\n","protected":false},"author":2,"featured_media":1054,"comment_status":"open","ping_status":"open","sticky":false,"template":"","format":"standard","meta":{"footnotes":""},"categories":[132],"tags":[105,386,388,251,256,18,389,387,258],"class_list":["post-1051","post","type-post","status-publish","format-standard","has-post-thumbnail","hentry","category-noticias","tag-aceituna-de-mesa","tag-aurora-ribot","tag-consell-de-mallorca","tag-denominacion-de-origen","tag-festa-de-loliva","tag-oliva-de-mallorca","tag-paula-valero","tag-pep-lluis-colom","tag-raixa"],"aioseo_notices":[],"_links":{"self":[{"href":"https:\/\/olivademallorca.es\/es\/wp-json\/wp\/v2\/posts\/1051"}],"collection":[{"href":"https:\/\/olivademallorca.es\/es\/wp-json\/wp\/v2\/posts"}],"about":[{"href":"https:\/\/olivademallorca.es\/es\/wp-json\/wp\/v2\/types\/post"}],"author":[{"embeddable":true,"href":"https:\/\/olivademallorca.es\/es\/wp-json\/wp\/v2\/users\/2"}],"replies":[{"embeddable":true,"href":"https:\/\/olivademallorca.es\/es\/wp-json\/wp\/v2\/comments?post=1051"}],"version-history":[{"count":2,"href":"https:\/\/olivademallorca.es\/es\/wp-json\/wp\/v2\/posts\/1051\/revisions"}],"predecessor-version":[{"id":2083,"href":"https:\/\/olivademallorca.es\/es\/wp-json\/wp\/v2\/posts\/1051\/revisions\/2083"}],"wp:featuredmedia":[{"embeddable":true,"href":"https:\/\/olivademallorca.es\/es\/wp-json\/wp\/v2\/media\/1054"}],"wp:attachment":[{"href":"https:\/\/olivademallorca.es\/es\/wp-json\/wp\/v2\/media?parent=1051"}],"wp:term":[{"taxonomy":"category","embeddable":true,"href":"https:\/\/olivademallorca.es\/es\/wp-json\/wp\/v2\/categories?post=1051"},{"taxonomy":"post_tag","embeddable":true,"href":"https:\/\/olivademallorca.es\/es\/wp-json\/wp\/v2\/tags?post=1051"}],"curies":[{"name":"wp","href":"https:\/\/api.w.org\/{rel}","templated":true}]}}